{"id":3097,"date":"2021-10-13T19:02:36","date_gmt":"2021-10-13T17:02:36","guid":{"rendered":"https:\/\/fondation-gattefosse.org\/?p=3097"},"modified":"2021-10-14T10:34:38","modified_gmt":"2021-10-14T08:34:38","slug":"lhistoire-inedite-de-rene-maurice-gattefosse","status":"publish","type":"post","link":"https:\/\/www.fondation-gattefosse.org\/en\/lhistoire-inedite-de-rene-maurice-gattefosse\/","title":{"rendered":"The untold story of Ren\u00e9-Maurice Gattefoss\u00e9"},"content":{"rendered":"\t\t<div data-elementor-type=\"wp-post\" data-elementor-id=\"3097\" class=\"elementor elementor-3097 elementor-231\" data-elementor-post-type=\"post\">\n\t\t\t\t\t\t<section class=\"elementor-section elementor-top-section elementor-element elementor-element-f262082 elementor-section-boxed elementor-section-height-default elementor-section-height-default\" data-id=\"f262082\" data-element_type=\"section\">\n\t\t\t\t\t\t<div class=\"elementor-container elementor-column-gap-default\">\n\t\t\t\t\t<div class=\"elementor-column elementor-col-100 elementor-top-column elementor-element elementor-element-14b401e\" data-id=\"14b401e\" data-element_type=\"column\">\n\t\t\t<div class=\"elementor-widget-wrap elementor-element-populated\">\n\t\t\t\t\t\t<div class=\"elementor-element elementor-element-50ab18f elementor-widget elementor-widget-text-editor\" data-id=\"50ab18f\" data-element_type=\"widget\" data-widget_type=\"text-editor.default\">\n\t\t\t\t<div class=\"elementor-widget-container\">\n\t\t\t\t\t\t\t\t\t<p>Sophie Gattefoss\u00e9 Moyrand was at the side of Rhiannon Lewis for the opening of the Botanica 2020 virtual event on Friday, September 18, 2020 at 8:30 am.<br \/>She presented the untold story of her grandfather, Ren\u00e9-Maurice Gattefoss\u00e9 &#8211; the man, the researcher, the industrialist, the chemist &#8211; who developed essential oil therapy, but also the historian and philosopher.<\/p>\t\t\t\t\t\t\t\t<\/div>\n\t\t\t\t<\/div>\n\t\t\t\t<div class=\"elementor-element elementor-element-4f7cf3d elementor-align-center elementor-widget elementor-widget-button\" data-id=\"4f7cf3d\" data-element_type=\"widget\" data-widget_type=\"button.default\">\n\t\t\t\t<div class=\"elementor-widget-container\">\n\t\t\t\t\t\t\t\t\t<div class=\"elementor-button-wrapper\">\n\t\t\t\t\t<a class=\"elementor-button elementor-button-link elementor-size-sm\" href=\"https:\/\/fondation-gattefosse.org\/infotheque\/lhistoire-inedite-de-rene-maurice-gattefosse\/\">\n\t\t\t\t\t\t<span class=\"elementor-button-content-wrapper\">\n\t\t\t\t\t\t\t\t\t<span class=\"elementor-button-text\">Listen the story<\/span>\n\t\t\t\t\t<\/span>\n\t\t\t\t\t<\/a>\n\t\t\t\t<\/div>\n\t\t\t\t\t\t\t\t<\/div>\n\t\t\t\t<\/div>\n\t\t\t\t\t<\/div>\n\t\t<\/div>\n\t\t\t\t\t<\/div>\n\t\t<\/section>\n\t\t\t\t<\/div>\n\t\t","protected":false},"excerpt":{"rendered":"<p>Sophie Gattefoss\u00e9 Moyrand presented the untold story of her grandfather Ren\u00e9-Maurice Gattefoss\u00e9, a pioneer of modern aromatherapy, at the opening of the Botanica 2020 congress. The recording is available on the website.<\/p>\n","protected":false},"author":1,"featured_media":1303,"comment_status":"open","ping_status":"open","sticky":false,"template":"","format":"standard","meta":{"_acf_changed":false,"_jet_sm_ready_style":"","_jet_sm_style":"","_jet_sm_controls_values":"","_jet_sm_fonts_collection":"","_jet_sm_fonts_links":"","footnotes":""},"categories":[56],"tags":[],"class_list":["post-3097","post","type-post","status-publish","format-standard","has-post-thumbnail","hentry","category-event"],"acf":[],"yoast_head":"<!-- This site is optimized with the Yoast SEO plugin v26.6 - https:\/\/yoast.com\/wordpress\/plugins\/seo\/ -->\n<title>The untold story of Ren\u00e9-Maurice Gattefoss\u00e9 - Fondation Gattefoss\u00e9<\/title>\n<meta name=\"robots\" content=\"index, follow, max-snippet:-1, max-image-preview:large, max-video-preview:-1\" \/>\n<link rel=\"canonical\" href=\"https:\/\/www.fondation-gattefosse.org\/en\/lhistoire-inedite-de-rene-maurice-gattefosse\/\" \/>\n<meta property=\"og:locale\" content=\"en_US\" \/>\n<meta property=\"og:type\" content=\"article\" \/>\n<meta property=\"og:title\" content=\"The untold story of Ren\u00e9-Maurice Gattefoss\u00e9 - Fondation Gattefoss\u00e9\" \/>\n<meta property=\"og:description\" content=\"Sophie Gattefoss\u00e9 Moyrand presented the untold story of her grandfather Ren\u00e9-Maurice Gattefoss\u00e9, a pioneer of modern aromatherapy, at the opening of the Botanica 2020 congress. The recording is available on the website.\" \/>\n<meta property=\"og:url\" content=\"https:\/\/www.fondation-gattefosse.org\/en\/lhistoire-inedite-de-rene-maurice-gattefosse\/\" \/>\n<meta property=\"og:site_name\" content=\"Fondation Gattefoss\u00e9\" \/>\n<meta property=\"article:published_time\" content=\"2021-10-13T17:02:36+00:00\" \/>\n<meta property=\"article:modified_time\" content=\"2021-10-14T08:34:38+00:00\" \/>\n<meta property=\"og:image\" content=\"https:\/\/www.fondation-gattefosse.org\/wp-content\/uploads\/2021\/08\/vie-fondation-hommage-RMG.jpg\" \/>\n\t<meta property=\"og:image:width\" content=\"691\" \/>\n\t<meta property=\"og:image:height\" content=\"463\" \/>\n\t<meta property=\"og:image:type\" content=\"image\/jpeg\" \/>\n<meta name=\"author\" content=\"ludo-admin\" \/>\n<meta name=\"twitter:card\" content=\"summary_large_image\" \/>\n<meta name=\"twitter:label1\" content=\"Written by\" \/>\n\t<meta name=\"twitter:data1\" content=\"ludo-admin\" \/>\n\t<meta name=\"twitter:label2\" content=\"Est. reading time\" \/>\n\t<meta name=\"twitter:data2\" content=\"1 minute\" \/>\n<script type=\"application\/ld+json\" class=\"yoast-schema-graph\">{\"@context\":\"https:\/\/schema.org\",\"@graph\":[{\"@type\":\"Article\",\"@id\":\"https:\/\/www.fondation-gattefosse.org\/en\/lhistoire-inedite-de-rene-maurice-gattefosse\/#article\",\"isPartOf\":{\"@id\":\"https:\/\/www.fondation-gattefosse.org\/en\/lhistoire-inedite-de-rene-maurice-gattefosse\/\"},\"author\":{\"name\":\"ludo-admin\",\"@id\":\"https:\/\/www.fondation-gattefosse.org\/#\/schema\/person\/664a51353db3fb2a379442896d84238f\"},\"headline\":\"The untold story of Ren\u00e9-Maurice Gattefoss\u00e9\",\"datePublished\":\"2021-10-13T17:02:36+00:00\",\"dateModified\":\"2021-10-14T08:34:38+00:00\",\"mainEntityOfPage\":{\"@id\":\"https:\/\/www.fondation-gattefosse.org\/en\/lhistoire-inedite-de-rene-maurice-gattefosse\/\"},\"wordCount\":65,\"commentCount\":0,\"publisher\":{\"@id\":\"https:\/\/www.fondation-gattefosse.org\/#organization\"},\"image\":{\"@id\":\"https:\/\/www.fondation-gattefosse.org\/en\/lhistoire-inedite-de-rene-maurice-gattefosse\/#primaryimage\"},\"thumbnailUrl\":\"https:\/\/www.fondation-gattefosse.org\/wp-content\/uploads\/2021\/08\/vie-fondation-hommage-RMG.jpg\",\"articleSection\":[\"Event\"],\"inLanguage\":\"en-US\",\"potentialAction\":[{\"@type\":\"CommentAction\",\"name\":\"Comment\",\"target\":[\"https:\/\/www.fondation-gattefosse.org\/en\/lhistoire-inedite-de-rene-maurice-gattefosse\/#respond\"]}]},{\"@type\":\"WebPage\",\"@id\":\"https:\/\/www.fondation-gattefosse.org\/en\/lhistoire-inedite-de-rene-maurice-gattefosse\/\",\"url\":\"https:\/\/www.fondation-gattefosse.org\/en\/lhistoire-inedite-de-rene-maurice-gattefosse\/\",\"name\":\"The untold story of Ren\u00e9-Maurice Gattefoss\u00e9 - Fondation Gattefoss\u00e9\",\"isPartOf\":{\"@id\":\"https:\/\/www.fondation-gattefosse.org\/#website\"},\"primaryImageOfPage\":{\"@id\":\"https:\/\/www.fondation-gattefosse.org\/en\/lhistoire-inedite-de-rene-maurice-gattefosse\/#primaryimage\"},\"image\":{\"@id\":\"https:\/\/www.fondation-gattefosse.org\/en\/lhistoire-inedite-de-rene-maurice-gattefosse\/#primaryimage\"},\"thumbnailUrl\":\"https:\/\/www.fondation-gattefosse.org\/wp-content\/uploads\/2021\/08\/vie-fondation-hommage-RMG.jpg\",\"datePublished\":\"2021-10-13T17:02:36+00:00\",\"dateModified\":\"2021-10-14T08:34:38+00:00\",\"inLanguage\":\"en-US\",\"potentialAction\":[{\"@type\":\"ReadAction\",\"target\":[\"https:\/\/www.fondation-gattefosse.org\/en\/lhistoire-inedite-de-rene-maurice-gattefosse\/\"]}]},{\"@type\":\"ImageObject\",\"inLanguage\":\"en-US\",\"@id\":\"https:\/\/www.fondation-gattefosse.org\/en\/lhistoire-inedite-de-rene-maurice-gattefosse\/#primaryimage\",\"url\":\"https:\/\/www.fondation-gattefosse.org\/wp-content\/uploads\/2021\/08\/vie-fondation-hommage-RMG.jpg\",\"contentUrl\":\"https:\/\/www.fondation-gattefosse.org\/wp-content\/uploads\/2021\/08\/vie-fondation-hommage-RMG.jpg\",\"width\":691,\"height\":463},{\"@type\":\"WebSite\",\"@id\":\"https:\/\/www.fondation-gattefosse.org\/#website\",\"url\":\"https:\/\/www.fondation-gattefosse.org\/\",\"name\":\"Fondation Gattefoss\u00e9\",\"description\":\"Contribuer au d\u00e9veloppement  de l\u2019aromath\u00e9rapie clinique\",\"publisher\":{\"@id\":\"https:\/\/www.fondation-gattefosse.org\/#organization\"},\"potentialAction\":[{\"@type\":\"SearchAction\",\"target\":{\"@type\":\"EntryPoint\",\"urlTemplate\":\"https:\/\/www.fondation-gattefosse.org\/?s={search_term_string}\"},\"query-input\":{\"@type\":\"PropertyValueSpecification\",\"valueRequired\":true,\"valueName\":\"search_term_string\"}}],\"inLanguage\":\"en-US\"},{\"@type\":\"Organization\",\"@id\":\"https:\/\/www.fondation-gattefosse.org\/#organization\",\"name\":\"Fondation Gattefoss\u00e9\",\"url\":\"https:\/\/www.fondation-gattefosse.org\/\",\"logo\":{\"@type\":\"ImageObject\",\"inLanguage\":\"en-US\",\"@id\":\"https:\/\/www.fondation-gattefosse.org\/#\/schema\/logo\/image\/\",\"url\":\"https:\/\/www.fondation-gattefosse.org\/wp-content\/uploads\/2021\/10\/Aromaclinique-scaled.jpg\",\"contentUrl\":\"https:\/\/www.fondation-gattefosse.org\/wp-content\/uploads\/2021\/10\/Aromaclinique-scaled.jpg\",\"width\":2560,\"height\":1707,\"caption\":\"Fondation Gattefoss\u00e9\"},\"image\":{\"@id\":\"https:\/\/www.fondation-gattefosse.org\/#\/schema\/logo\/image\/\"}},{\"@type\":\"Person\",\"@id\":\"https:\/\/www.fondation-gattefosse.org\/#\/schema\/person\/664a51353db3fb2a379442896d84238f\",\"name\":\"ludo-admin\",\"image\":{\"@type\":\"ImageObject\",\"inLanguage\":\"en-US\",\"@id\":\"https:\/\/www.fondation-gattefosse.org\/#\/schema\/person\/image\/\",\"url\":\"https:\/\/secure.gravatar.com\/avatar\/e4d91e7745711cbb18ad6f2df87f5d6b18b95307c46f8ba8314adda2aedce004?s=96&d=mm&r=g\",\"contentUrl\":\"https:\/\/secure.gravatar.com\/avatar\/e4d91e7745711cbb18ad6f2df87f5d6b18b95307c46f8ba8314adda2aedce004?s=96&d=mm&r=g\",\"caption\":\"ludo-admin\"},\"sameAs\":[\"http:\/\/fondation-gattefosse.org\"],\"url\":\"https:\/\/www.fondation-gattefosse.org\/en\/author\/ludo-admin\/\"}]}<\/script>\n<!-- \/ Yoast SEO plugin. -->","yoast_head_json":{"title":"The untold story of Ren\u00e9-Maurice Gattefoss\u00e9 - Fondation Gattefoss\u00e9","robots":{"index":"index","follow":"follow","max-snippet":"max-snippet:-1","max-image-preview":"max-image-preview:large","max-video-preview":"max-video-preview:-1"},"canonical":"https:\/\/www.fondation-gattefosse.org\/en\/lhistoire-inedite-de-rene-maurice-gattefosse\/","og_locale":"en_US","og_type":"article","og_title":"The untold story of Ren\u00e9-Maurice Gattefoss\u00e9 - Fondation Gattefoss\u00e9","og_description":"Sophie Gattefoss\u00e9 Moyrand presented the untold story of her grandfather Ren\u00e9-Maurice Gattefoss\u00e9, a pioneer of modern aromatherapy, at the opening of the Botanica 2020 congress. The recording is available on the website.","og_url":"https:\/\/www.fondation-gattefosse.org\/en\/lhistoire-inedite-de-rene-maurice-gattefosse\/","og_site_name":"Fondation Gattefoss\u00e9","article_published_time":"2021-10-13T17:02:36+00:00","article_modified_time":"2021-10-14T08:34:38+00:00","og_image":[{"width":691,"height":463,"url":"https:\/\/www.fondation-gattefosse.org\/wp-content\/uploads\/2021\/08\/vie-fondation-hommage-RMG.jpg","type":"image\/jpeg"}],"author":"ludo-admin","twitter_card":"summary_large_image","twitter_misc":{"Written by":"ludo-admin","Est. reading time":"1 minute"},"schema":{"@context":"https:\/\/schema.org","@graph":[{"@type":"Article","@id":"https:\/\/www.fondation-gattefosse.org\/en\/lhistoire-inedite-de-rene-maurice-gattefosse\/#article","isPartOf":{"@id":"https:\/\/www.fondation-gattefosse.org\/en\/lhistoire-inedite-de-rene-maurice-gattefosse\/"},"author":{"name":"ludo-admin","@id":"https:\/\/www.fondation-gattefosse.org\/#\/schema\/person\/664a51353db3fb2a379442896d84238f"},"headline":"The untold story of Ren\u00e9-Maurice Gattefoss\u00e9","datePublished":"2021-10-13T17:02:36+00:00","dateModified":"2021-10-14T08:34:38+00:00","mainEntityOfPage":{"@id":"https:\/\/www.fondation-gattefosse.org\/en\/lhistoire-inedite-de-rene-maurice-gattefosse\/"},"wordCount":65,"commentCount":0,"publisher":{"@id":"https:\/\/www.fondation-gattefosse.org\/#organization"},"image":{"@id":"https:\/\/www.fondation-gattefosse.org\/en\/lhistoire-inedite-de-rene-maurice-gattefosse\/#primaryimage"},"thumbnailUrl":"https:\/\/www.fondation-gattefosse.org\/wp-content\/uploads\/2021\/08\/vie-fondation-hommage-RMG.jpg","articleSection":["Event"],"inLanguage":"en-US","potentialAction":[{"@type":"CommentAction","name":"Comment","target":["https:\/\/www.fondation-gattefosse.org\/en\/lhistoire-inedite-de-rene-maurice-gattefosse\/#respond"]}]},{"@type":"WebPage","@id":"https:\/\/www.fondation-gattefosse.org\/en\/lhistoire-inedite-de-rene-maurice-gattefosse\/","url":"https:\/\/www.fondation-gattefosse.org\/en\/lhistoire-inedite-de-rene-maurice-gattefosse\/","name":"The untold story of Ren\u00e9-Maurice Gattefoss\u00e9 - Fondation Gattefoss\u00e9","isPartOf":{"@id":"https:\/\/www.fondation-gattefosse.org\/#website"},"primaryImageOfPage":{"@id":"https:\/\/www.fondation-gattefosse.org\/en\/lhistoire-inedite-de-rene-maurice-gattefosse\/#primaryimage"},"image":{"@id":"https:\/\/www.fondation-gattefosse.org\/en\/lhistoire-inedite-de-rene-maurice-gattefosse\/#primaryimage"},"thumbnailUrl":"https:\/\/www.fondation-gattefosse.org\/wp-content\/uploads\/2021\/08\/vie-fondation-hommage-RMG.jpg","datePublished":"2021-10-13T17:02:36+00:00","dateModified":"2021-10-14T08:34:38+00:00","inLanguage":"en-US","potentialAction":[{"@type":"ReadAction","target":["https:\/\/www.fondation-gattefosse.org\/en\/lhistoire-inedite-de-rene-maurice-gattefosse\/"]}]},{"@type":"ImageObject","inLanguage":"en-US","@id":"https:\/\/www.fondation-gattefosse.org\/en\/lhistoire-inedite-de-rene-maurice-gattefosse\/#primaryimage","url":"https:\/\/www.fondation-gattefosse.org\/wp-content\/uploads\/2021\/08\/vie-fondation-hommage-RMG.jpg","contentUrl":"https:\/\/www.fondation-gattefosse.org\/wp-content\/uploads\/2021\/08\/vie-fondation-hommage-RMG.jpg","width":691,"height":463},{"@type":"WebSite","@id":"https:\/\/www.fondation-gattefosse.org\/#website","url":"https:\/\/www.fondation-gattefosse.org\/","name":"Fondation Gattefoss\u00e9","description":"Contribuer au d\u00e9veloppement  de l\u2019aromath\u00e9rapie clinique","publisher":{"@id":"https:\/\/www.fondation-gattefosse.org\/#organization"},"potentialAction":[{"@type":"SearchAction","target":{"@type":"EntryPoint","urlTemplate":"https:\/\/www.fondation-gattefosse.org\/?s={search_term_string}"},"query-input":{"@type":"PropertyValueSpecification","valueRequired":true,"valueName":"search_term_string"}}],"inLanguage":"en-US"},{"@type":"Organization","@id":"https:\/\/www.fondation-gattefosse.org\/#organization","name":"Fondation Gattefoss\u00e9","url":"https:\/\/www.fondation-gattefosse.org\/","logo":{"@type":"ImageObject","inLanguage":"en-US","@id":"https:\/\/www.fondation-gattefosse.org\/#\/schema\/logo\/image\/","url":"https:\/\/www.fondation-gattefosse.org\/wp-content\/uploads\/2021\/10\/Aromaclinique-scaled.jpg","contentUrl":"https:\/\/www.fondation-gattefosse.org\/wp-content\/uploads\/2021\/10\/Aromaclinique-scaled.jpg","width":2560,"height":1707,"caption":"Fondation Gattefoss\u00e9"},"image":{"@id":"https:\/\/www.fondation-gattefosse.org\/#\/schema\/logo\/image\/"}},{"@type":"Person","@id":"https:\/\/www.fondation-gattefosse.org\/#\/schema\/person\/664a51353db3fb2a379442896d84238f","name":"ludo-admin","image":{"@type":"ImageObject","inLanguage":"en-US","@id":"https:\/\/www.fondation-gattefosse.org\/#\/schema\/person\/image\/","url":"https:\/\/secure.gravatar.com\/avatar\/e4d91e7745711cbb18ad6f2df87f5d6b18b95307c46f8ba8314adda2aedce004?s=96&d=mm&r=g","contentUrl":"https:\/\/secure.gravatar.com\/avatar\/e4d91e7745711cbb18ad6f2df87f5d6b18b95307c46f8ba8314adda2aedce004?s=96&d=mm&r=g","caption":"ludo-admin"},"sameAs":["http:\/\/fondation-gattefosse.org"],"url":"https:\/\/www.fondation-gattefosse.org\/en\/author\/ludo-admin\/"}]}},"_links":{"self":[{"href":"https:\/\/www.fondation-gattefosse.org\/en\/wp-json\/wp\/v2\/posts\/3097","targetHints":{"allow":["GET"]}}],"collection":[{"href":"https:\/\/www.fondation-gattefosse.org\/en\/wp-json\/wp\/v2\/posts"}],"about":[{"href":"https:\/\/www.fondation-gattefosse.org\/en\/wp-json\/wp\/v2\/types\/post"}],"author":[{"embeddable":true,"href":"https:\/\/www.fondation-gattefosse.org\/en\/wp-json\/wp\/v2\/users\/1"}],"replies":[{"embeddable":true,"href":"https:\/\/www.fondation-gattefosse.org\/en\/wp-json\/wp\/v2\/comments?post=3097"}],"version-history":[{"count":7,"href":"https:\/\/www.fondation-gattefosse.org\/en\/wp-json\/wp\/v2\/posts\/3097\/revisions"}],"predecessor-version":[{"id":3148,"href":"https:\/\/www.fondation-gattefosse.org\/en\/wp-json\/wp\/v2\/posts\/3097\/revisions\/3148"}],"wp:featuredmedia":[{"embeddable":true,"href":"https:\/\/www.fondation-gattefosse.org\/en\/wp-json\/wp\/v2\/media\/1303"}],"wp:attachment":[{"href":"https:\/\/www.fondation-gattefosse.org\/en\/wp-json\/wp\/v2\/media?parent=3097"}],"wp:term":[{"taxonomy":"category","embeddable":true,"href":"https:\/\/www.fondation-gattefosse.org\/en\/wp-json\/wp\/v2\/categories?post=3097"},{"taxonomy":"post_tag","embeddable":true,"href":"https:\/\/www.fondation-gattefosse.org\/en\/wp-json\/wp\/v2\/tags?post=3097"}],"curies":[{"name":"wp","href":"https:\/\/api.w.org\/{rel}","templated":true}]}}